{"id":184,"date":"2016-05-12T22:00:33","date_gmt":"2016-05-12T21:00:33","guid":{"rendered":"http:\/\/arca91.fr\/?p=184"},"modified":"2016-05-12T22:02:42","modified_gmt":"2016-05-12T21:02:42","slug":"programme-de-notre-fete-de-la-st-jean","status":"publish","type":"post","link":"https:\/\/arca91.fr\/index.php\/2016\/05\/12\/programme-de-notre-fete-de-la-st-jean\/","title":{"rendered":"Programme de notre Fete de la St jean"},"content":{"rendered":"<p style=\"text-align: center;\">\u00a0 \u00a0 \u00a0 \u00a0 \u00a0 \u00a0 \u00a0 \u00a0 \u00a0 \u00a0 \u00a0 \u00a0 \u00a0 \u00a0 \u00a0 \u00a0\u00a0 \u00a0 \u00a0 \u00a0 \u00a0 \u00a0 \u00a0 \u00a0 \u00a0 \u00a0 \u00a0 \u00a0 \u00a0 \u00a0 \u00a0 \u00a0 \u00a0 \u00a0 \u00a0 \u00a0 \u00a0 \u00a0 \u00a0 \u00a0 \u00a0 \u00a0 \u00a0 \u00a0 \u00a0 \u00a0 \u00a0 \u00a0 \u00a0 \u00a0 \u00a0 \u00a0 \u00a0 \u00a0 \u00a0 \u00a0 \u00a0 \u00a0 \u00a0 \u00a0 \u00a0 \u00a0 \u00a0 \u00a0 \u00a0 \u00a0 \u00a0 \u00a0 \u00a0 \u00a0 \u00a0 \u00a0 \u00a0 \u00a0 \u00a0 \u00a0 \u00a0 \u00a0 \u00a0 \u00a0 \u00a0<img loading=\"lazy\" decoding=\"async\" class=\"alignnone wp-image-4\" src=\"http:\/\/arca91.fr\/wp-content\/uploads\/2016\/02\/logo_ARCA.png\" alt=\"logo_ARCA\" width=\"82\" height=\"141\" \/><\/p>\n<p><strong><em><u>PROGRAMME FETE DE LA SAINT JEAN 2016\u00a0<\/u><\/em><\/strong><\/p>\n<p><strong>SAMEDI 18 JUIN 2016<\/strong><\/p>\n<p><strong>\u00a0<\/strong><strong>TRENTE QUATRIEME \u00a0\u00a0FETE DE LA SAINT-JEAN<\/strong><\/p>\n<p><strong>ORGANISEE PAR L&rsquo;ARCA, A LA CITE DE L&rsquo;AIR.<\/strong><\/p>\n<p><strong>\u00a0<\/strong><\/p>\n<p><strong>* <\/strong><strong><em>BROCANTE VIDE\/GRENIER<\/em><\/strong><strong> A PARTIR DE 7 H JUSQU&rsquo;A 19 HEURES<\/strong><strong>.<\/strong><\/p>\n<p><strong>\u00a0<\/strong><strong>*\u00a0 <em>RESTAURATION\/BUVETTE <\/em>\u00e0 PARTIR DE 7 HEURES, avec repas midi et soir, au menu ses fameuses moules frites, mais aussi\u00a0 merguez, saucisses<\/strong><\/p>\n<p><strong>\u00a0<\/strong><strong>* <em><u>ANIMATIONS<\/u><\/em><u>:<\/u><\/strong><\/p>\n<p><strong><u>\u00a0<\/u><\/strong><strong>\u00a0 \u00a0 \u00a0 \u00a0 \u00a0 \u00a0 \u00a0 \u00a0 \u00a0 \u00a0 \u00a0 \u00a0\u00a0<\/strong><strong>\u00b0 En matin\u00e9e, magicien parmi les exposants<\/strong><\/p>\n<p><strong>\u00a0\u00a0\u00a0\u00a0\u00a0\u00a0\u00a0\u00a0\u00a0\u00a0\u00a0\u00a0\u00a0\u00a0\u00a0\u00a0\u00a0\u00a0\u00a0\u00a0\u00a0\u00a0\u00a0 \u00b0 A partir de 14 h jusqu&rsquo;\u00e0 19h\u00a0 man\u00e8ges pour enfants<\/strong><\/p>\n<p><strong>\u00a0\u00a0\u00a0\u00a0\u00a0\u00a0\u00a0\u00a0\u00a0\u00a0\u00a0\u00a0\u00a0\u00a0\u00a0\u00a0\u00a0\u00a0\u00a0\u00a0\u00a0\u00a0\u00a0 \u00b0 L\u00e2cher de ballons vers 18 h<\/strong><\/p>\n<p><strong>\u00a0\u00a0\u00a0\u00a0\u00a0\u00a0\u00a0\u00a0\u00a0\u00a0\u00a0\u00a0\u00a0\u00a0\u00a0\u00a0\u00a0\u00a0\u00a0\u00a0\u00a0\u00a0\u00a0 \u00b0\u00a0 Soir\u00e9e DJ \u00e0 partir de 21 h jusqu&rsquo;\u00e0 2 h du matin<\/strong><\/p>\n<p><strong>\u00a0\u00a0\u00a0\u00a0\u00a0\u00a0\u00a0\u00a0\u00a0\u00a0\u00a0\u00a0\u00a0\u00a0\u00a0\u00a0\u00a0\u00a0\u00a0\u00a0\u00a0\u00a0\u00a0 \u00b0 Tir du feu d&rsquo;artifice vers 23 h 15 sur espace O. Leroux<\/strong><\/p>\n<p><strong>\u00a0\u00a0\u00a0\u00a0\u00a0\u00a0\u00a0\u00a0\u00a0\u00a0\u00a0\u00a0\u00a0\u00a0\u00a0\u00a0\u00a0\u00a0\u00a0\u00a0\u00a0\u00a0\u00a0 \u00b0\u00a0 Puis le tr\u00e8s c\u00e9l\u00e8bre et traditionnel feu de la Saint Jean<\/strong><\/p>\n<p><strong>\u00a0<\/strong><strong>D\u00e9tente et bonne humeur sont pr\u00e9sentes en permanence. Venez nombreux\u00a0<\/strong><strong>\u00a0<\/strong><\/p>\n","protected":false},"excerpt":{"rendered":"<p>\u00a0 \u00a0 \u00a0 \u00a0 \u00a0 \u00a0 \u00a0 \u00a0 \u00a0 \u00a0 \u00a0 \u00a0 \u00a0 \u00a0 \u00a0 \u00a0\u00a0 \u00a0 \u00a0 \u00a0 \u00a0 \u00a0 \u00a0 \u00a0 \u00a0 \u00a0 \u00a0 \u00a0 \u00a0 \u00a0 \u00a0 \u00a0 \u00a0 \u00a0 \u00a0 \u00a0 \u00a0 \u00a0 \u00a0 \u00a0 \u00a0 \u00a0 \u00a0 \u00a0 \u00a0 \u00a0 \u00a0 \u00a0 \u00a0 \u00a0 \u00a0 \u00a0 \u00a0 \u00a0 \u00a0 \u00a0 [&hellip;]<\/p>\n","protected":false},"author":3,"featured_media":0,"comment_status":"open","ping_status":"open","sticky":false,"template":"","format":"standard","meta":{"_monsterinsights_skip_tracking":false,"_monsterinsights_sitenote_active":false,"_monsterinsights_sitenote_note":"","_monsterinsights_sitenote_category":0,"ngg_post_thumbnail":0,"footnotes":""},"categories":[3,2],"tags":[],"class_list":["post-184","post","type-post","status-publish","format-standard","hentry","category-brocante","category-saint-jean"],"_links":{"self":[{"href":"https:\/\/arca91.fr\/index.php\/wp-json\/wp\/v2\/posts\/184","targetHints":{"allow":["GET"]}}],"collection":[{"href":"https:\/\/arca91.fr\/index.php\/wp-json\/wp\/v2\/posts"}],"about":[{"href":"https:\/\/arca91.fr\/index.php\/wp-json\/wp\/v2\/types\/post"}],"author":[{"embeddable":true,"href":"https:\/\/arca91.fr\/index.php\/wp-json\/wp\/v2\/users\/3"}],"replies":[{"embeddable":true,"href":"https:\/\/arca91.fr\/index.php\/wp-json\/wp\/v2\/comments?post=184"}],"version-history":[{"count":9,"href":"https:\/\/arca91.fr\/index.php\/wp-json\/wp\/v2\/posts\/184\/revisions"}],"predecessor-version":[{"id":194,"href":"https:\/\/arca91.fr\/index.php\/wp-json\/wp\/v2\/posts\/184\/revisions\/194"}],"wp:attachment":[{"href":"https:\/\/arca91.fr\/index.php\/wp-json\/wp\/v2\/media?parent=184"}],"wp:term":[{"taxonomy":"category","embeddable":true,"href":"https:\/\/arca91.fr\/index.php\/wp-json\/wp\/v2\/categories?post=184"},{"taxonomy":"post_tag","embeddable":true,"href":"https:\/\/arca91.fr\/index.php\/wp-json\/wp\/v2\/tags?post=184"}],"curies":[{"name":"wp","href":"https:\/\/api.w.org\/{rel}","templated":true}]}}