{"id":19,"date":"2016-02-27T02:11:08","date_gmt":"2016-02-27T01:11:08","guid":{"rendered":"http:\/\/arca91.fr\/?p=19"},"modified":"2016-06-12T20:01:47","modified_gmt":"2016-06-12T19:01:47","slug":"fete-de-la-saint-jean-2016","status":"publish","type":"post","link":"https:\/\/arca91.fr\/index.php\/2016\/02\/27\/fete-de-la-saint-jean-2016\/","title":{"rendered":"F\u00eate de la Saint Jean 2016"},"content":{"rendered":"<h2 style=\"text-align: center;\"><img loading=\"lazy\" decoding=\"async\" class=\"alignnone size-medium wp-image-20\" src=\"http:\/\/arca91.fr\/wp-content\/uploads\/2016\/02\/lach\u00e9_ballon-300x225.jpeg\" alt=\"lach\u00e9_ballon\" width=\"300\" height=\"225\" srcset=\"https:\/\/arca91.fr\/wp-content\/uploads\/2016\/02\/lach\u00e9_ballon-300x225.jpeg 300w, https:\/\/arca91.fr\/wp-content\/uploads\/2016\/02\/lach\u00e9_ballon.jpeg 500w\" sizes=\"auto, (max-width: 300px) 100vw, 300px\" \/><\/h2>\n<h2 style=\"text-align: center;\"><span style=\"color: #339966;\"><em><strong>Samedi 18 Juin 2016<\/strong><\/em><\/span><\/h2>\n<h3 style=\"text-align: center;\"><span style=\"color: #339966;\"><em>F\u00eate de la Saint Jean !<\/em><\/span><\/h3>\n<p style=\"text-align: center;\"><span style=\"color: #ff0000;\"><strong>Bonjour a tous les inscriptions pour la brocante sont maintenant closes, <span style=\"color: #000000;\">vous pouvez malgres tout venir nous rencontrer et passer un moment de convivialit\u00e9 en notre compagnie et assister aux festivit\u00e9 propos\u00e9es.\u00a0<\/span><\/strong><\/span><\/p>\n<p><span style=\"color: #000000;\"><strong>Le bureau<\/strong><\/span><\/p>\n<p style=\"text-align: justify;\">\n<p>Pour participer \u00e0 la brocante envoyez un mail \u00e0 arca.athis@gmail.com ou appelez nous pour nous demander un bulletin d\u2019inscription.<\/p>\n<p>L\u2019accueil des exposants se fera de 6h30 \u00e0 9h.<\/p>\n<p>tel: 06.21.34.27.65<\/p>\n","protected":false},"excerpt":{"rendered":"<p>Samedi 18 Juin 2016 F\u00eate de la Saint Jean ! Bonjour a tous les inscriptions pour la brocante sont maintenant closes, vous pouvez malgres tout venir nous rencontrer et passer un moment de convivialit\u00e9 en notre compagnie et assister aux festivit\u00e9 propos\u00e9es.\u00a0 Le bureau Pour participer \u00e0 la brocante envoyez un mail \u00e0 arca.athis@gmail.com ou [&hellip;]<\/p>\n","protected":false},"author":1,"featured_media":0,"comment_status":"open","ping_status":"open","sticky":false,"template":"","format":"standard","meta":{"_monsterinsights_skip_tracking":false,"_monsterinsights_sitenote_active":false,"_monsterinsights_sitenote_note":"","_monsterinsights_sitenote_category":0,"ngg_post_thumbnail":0,"footnotes":""},"categories":[3,2],"tags":[],"class_list":["post-19","post","type-post","status-publish","format-standard","hentry","category-brocante","category-saint-jean"],"_links":{"self":[{"href":"https:\/\/arca91.fr\/index.php\/wp-json\/wp\/v2\/posts\/19","targetHints":{"allow":["GET"]}}],"collection":[{"href":"https:\/\/arca91.fr\/index.php\/wp-json\/wp\/v2\/posts"}],"about":[{"href":"https:\/\/arca91.fr\/index.php\/wp-json\/wp\/v2\/types\/post"}],"author":[{"embeddable":true,"href":"https:\/\/arca91.fr\/index.php\/wp-json\/wp\/v2\/users\/1"}],"replies":[{"embeddable":true,"href":"https:\/\/arca91.fr\/index.php\/wp-json\/wp\/v2\/comments?post=19"}],"version-history":[{"count":4,"href":"https:\/\/arca91.fr\/index.php\/wp-json\/wp\/v2\/posts\/19\/revisions"}],"predecessor-version":[{"id":207,"href":"https:\/\/arca91.fr\/index.php\/wp-json\/wp\/v2\/posts\/19\/revisions\/207"}],"wp:attachment":[{"href":"https:\/\/arca91.fr\/index.php\/wp-json\/wp\/v2\/media?parent=19"}],"wp:term":[{"taxonomy":"category","embeddable":true,"href":"https:\/\/arca91.fr\/index.php\/wp-json\/wp\/v2\/categories?post=19"},{"taxonomy":"post_tag","embeddable":true,"href":"https:\/\/arca91.fr\/index.php\/wp-json\/wp\/v2\/tags?post=19"}],"curies":[{"name":"wp","href":"https:\/\/api.w.org\/{rel}","templated":true}]}}