{"id":313,"date":"2018-06-07T13:30:35","date_gmt":"2018-06-07T12:30:35","guid":{"rendered":"http:\/\/arca91.fr\/?p=313"},"modified":"2018-06-07T14:17:42","modified_gmt":"2018-06-07T13:17:42","slug":"313","status":"publish","type":"post","link":"https:\/\/arca91.fr\/index.php\/2018\/06\/07\/313\/","title":{"rendered":"F\u00eate de la Saint Jean 2018"},"content":{"rendered":"<h2><img loading=\"lazy\" decoding=\"async\" class=\"alignnone size-medium wp-image-20 aligncenter\" src=\"http:\/\/arca91.fr\/wp-content\/uploads\/2016\/02\/lach\u00e9_ballon-300x225.jpeg\" alt=\"lach\u00e9_ballon\" width=\"300\" height=\"225\" srcset=\"https:\/\/arca91.fr\/wp-content\/uploads\/2016\/02\/lach\u00e9_ballon-300x225.jpeg 300w, https:\/\/arca91.fr\/wp-content\/uploads\/2016\/02\/lach\u00e9_ballon.jpeg 500w\" sizes=\"auto, (max-width: 300px) 100vw, 300px\" \/><\/h2>\n<h2 style=\"text-align: center;\"><span style=\"color: #339966;\"><em><strong>Samedi 23 Juin 2018<\/strong><\/em><\/span><\/h2>\n<h3 style=\"text-align: center;\"><strong><span style=\"color: #339966;\"><em>F\u00eate de la Saint Jean !<\/em><\/span><\/strong><\/h3>\n<h4 style=\"text-align: center;\"><span style=\"color: #339966;\"><strong>Brocante de 7h \u00e0 19h<\/strong> <\/span><\/h4>\n<p style=\"text-align: center;\">Et toute la journ\u00e9e, animations, man\u00e8ges, restauration jusqu&rsquo;\u00e0 2h.<\/p>\n<p style=\"text-align: center;\">Soir\u00e9e disco , Feu d\u2019artifice<\/p>\n<p style=\"text-align: center;\">Et bien entendu le Traditionnel feu de la Saint Jean !!<\/p>\n<p>&nbsp;<\/p>\n<p style=\"text-align: left;\">Pour participer \u00e0 la brocante envoyez un mail \u00e0 <span style=\"color: #ff0000;\"><strong><a style=\"color: #ff0000;\" href=\"mailto:arca.athis@gmail.com\">arca.athis@gmail.com<\/a><\/strong><\/span> ou appelez nous pour nous demander un bulletin d\u2019inscription.<\/p>\n<p>L\u2019accueil des exposants se fera de 6h30 \u00e0 9h.<\/p>\n<p>tel: 06.21.34.27.65<\/p>\n<p>O\u00f9 nous trouver le jour J ??<\/p>\n<div>\n<p class=\"section-hero-header-title\" style=\"padding-left: 30px;\"><a href=\"https:\/\/www.google.fr\/maps\/place\/Square+Ariane,+91200+Athis-Mons\/@48.7136616,2.3852275,17z\/data=!3m1!4b1!4m5!3m4!1s0x47e67597e97f1edf:0x4e05f54071a3fb58!8m2!3d48.7136581!4d2.3874162\">Square Ariane 91200 Athis-Mons<\/a><\/p>\n<\/div>\n","protected":false},"excerpt":{"rendered":"<p>Samedi 23 Juin 2018 F\u00eate de la Saint Jean ! Brocante de 7h \u00e0 19h Et toute la journ\u00e9e, animations, man\u00e8ges, restauration jusqu&rsquo;\u00e0 2h. Soir\u00e9e disco , Feu d\u2019artifice Et bien entendu le Traditionnel feu de la Saint Jean !! &nbsp; Pour participer \u00e0 la brocante envoyez un mail \u00e0 arca.athis@gmail.com ou appelez nous pour [&hellip;]<\/p>\n","protected":false},"author":1,"featured_media":0,"comment_status":"open","ping_status":"open","sticky":false,"template":"","format":"standard","meta":{"_monsterinsights_skip_tracking":false,"_monsterinsights_sitenote_active":false,"_monsterinsights_sitenote_note":"","_monsterinsights_sitenote_category":0,"ngg_post_thumbnail":0,"footnotes":""},"categories":[3,2],"tags":[],"class_list":["post-313","post","type-post","status-publish","format-standard","hentry","category-brocante","category-saint-jean"],"_links":{"self":[{"href":"https:\/\/arca91.fr\/index.php\/wp-json\/wp\/v2\/posts\/313","targetHints":{"allow":["GET"]}}],"collection":[{"href":"https:\/\/arca91.fr\/index.php\/wp-json\/wp\/v2\/posts"}],"about":[{"href":"https:\/\/arca91.fr\/index.php\/wp-json\/wp\/v2\/types\/post"}],"author":[{"embeddable":true,"href":"https:\/\/arca91.fr\/index.php\/wp-json\/wp\/v2\/users\/1"}],"replies":[{"embeddable":true,"href":"https:\/\/arca91.fr\/index.php\/wp-json\/wp\/v2\/comments?post=313"}],"version-history":[{"count":5,"href":"https:\/\/arca91.fr\/index.php\/wp-json\/wp\/v2\/posts\/313\/revisions"}],"predecessor-version":[{"id":319,"href":"https:\/\/arca91.fr\/index.php\/wp-json\/wp\/v2\/posts\/313\/revisions\/319"}],"wp:attachment":[{"href":"https:\/\/arca91.fr\/index.php\/wp-json\/wp\/v2\/media?parent=313"}],"wp:term":[{"taxonomy":"category","embeddable":true,"href":"https:\/\/arca91.fr\/index.php\/wp-json\/wp\/v2\/categories?post=313"},{"taxonomy":"post_tag","embeddable":true,"href":"https:\/\/arca91.fr\/index.php\/wp-json\/wp\/v2\/tags?post=313"}],"curies":[{"name":"wp","href":"https:\/\/api.w.org\/{rel}","templated":true}]}}