{"id":369,"date":"2022-06-01T20:03:44","date_gmt":"2022-06-01T19:03:44","guid":{"rendered":"https:\/\/arca91.fr\/?p=369"},"modified":"2022-06-01T20:03:44","modified_gmt":"2022-06-01T19:03:44","slug":"fete-de-la-saint-jean-2022","status":"publish","type":"post","link":"https:\/\/arca91.fr\/index.php\/2022\/06\/01\/fete-de-la-saint-jean-2022\/","title":{"rendered":"F\u00eate de la Saint Jean 2022"},"content":{"rendered":"\n<h2 class=\"has-text-align-center wp-block-heading\"><img loading=\"lazy\" decoding=\"async\" src=\"http:\/\/arca91.fr\/wp-content\/uploads\/2016\/02\/lach\u00e9_ballon-300x225.jpeg\" alt=\"lach\u00e9_ballon\" width=\"300\" height=\"225\"><\/h2>\n\n\n\n<h2 class=\"has-text-align-center wp-block-heading\"><em><strong>Samedi 25 Juin 20<\/strong><\/em>22<\/h2>\n\n\n\n<h3 class=\"has-text-align-center wp-block-heading\"><strong><em>F\u00eate de la Saint Jean !<\/em><\/strong><\/h3>\n\n\n\n<h4 class=\"has-text-align-center wp-block-heading\"><strong>Brocante de 7h \u00e0 19h<\/strong><\/h4>\n\n\n\n<p class=\"has-text-align-center\">Et toute la journ\u00e9e, animations, man\u00e8ges, restauration jusqu&rsquo;\u00e0 2h.<\/p>\n\n\n\n<p class=\"has-text-align-center\">Soir\u00e9e disco , Feu d\u2019artifice<\/p>\n\n\n\n<p class=\"has-text-align-center\">Et bien entendu le Traditionnel feu de la Saint Jean !!<\/p>\n\n\n\n<p>Pour participer \u00e0 la brocante envoyez un mail \u00e0 <strong><a href=\"mailto:arca.athis@gmail.com\">arca.athis@gmail.com<\/a><\/strong> ou appelez nous pour nous demander un bulletin d\u2019inscription.<\/p>\n\n\n\n<p>L\u2019accueil des exposants se fera de 6h30 \u00e0 9h.<\/p>\n\n\n\n<p>tel: 06.82.25.20.07 &amp; 06.83.79.51.63<\/p>\n\n\n\n<p>O\u00f9 nous trouver le jour J ??<\/p>\n\n\n\n<p class=\"has-text-align-center\"><a href=\"https:\/\/www.google.fr\/maps\/place\/Square+Ariane,+91200+Athis-Mons\/@48.7136616,2.3852275,17z\/data=!3m1!4b1!4m5!3m4!1s0x47e67597e97f1edf:0x4e05f54071a3fb58!8m2!3d48.7136581!4d2.3874162\">Square Ariane 91200 Athis-Mons<\/a><\/p>\n","protected":false},"excerpt":{"rendered":"<p>Samedi 25 Juin 2022 F\u00eate de la Saint Jean ! Brocante de 7h \u00e0 19h Et toute la journ\u00e9e, animations, man\u00e8ges, restauration jusqu&rsquo;\u00e0 2h. Soir\u00e9e disco , Feu d\u2019artifice Et bien entendu le Traditionnel feu de la Saint Jean !! Pour participer \u00e0 la brocante envoyez un mail \u00e0 arca.athis@gmail.com ou appelez nous pour nous [&hellip;]<\/p>\n","protected":false},"author":1,"featured_media":0,"comment_status":"open","ping_status":"open","sticky":false,"template":"","format":"standard","meta":{"_monsterinsights_skip_tracking":false,"_monsterinsights_sitenote_active":false,"_monsterinsights_sitenote_note":"","_monsterinsights_sitenote_category":0,"ngg_post_thumbnail":0,"footnotes":""},"categories":[1],"tags":[],"class_list":["post-369","post","type-post","status-publish","format-standard","hentry","category-non-classe"],"_links":{"self":[{"href":"https:\/\/arca91.fr\/index.php\/wp-json\/wp\/v2\/posts\/369","targetHints":{"allow":["GET"]}}],"collection":[{"href":"https:\/\/arca91.fr\/index.php\/wp-json\/wp\/v2\/posts"}],"about":[{"href":"https:\/\/arca91.fr\/index.php\/wp-json\/wp\/v2\/types\/post"}],"author":[{"embeddable":true,"href":"https:\/\/arca91.fr\/index.php\/wp-json\/wp\/v2\/users\/1"}],"replies":[{"embeddable":true,"href":"https:\/\/arca91.fr\/index.php\/wp-json\/wp\/v2\/comments?post=369"}],"version-history":[{"count":3,"href":"https:\/\/arca91.fr\/index.php\/wp-json\/wp\/v2\/posts\/369\/revisions"}],"predecessor-version":[{"id":372,"href":"https:\/\/arca91.fr\/index.php\/wp-json\/wp\/v2\/posts\/369\/revisions\/372"}],"wp:attachment":[{"href":"https:\/\/arca91.fr\/index.php\/wp-json\/wp\/v2\/media?parent=369"}],"wp:term":[{"taxonomy":"category","embeddable":true,"href":"https:\/\/arca91.fr\/index.php\/wp-json\/wp\/v2\/categories?post=369"},{"taxonomy":"post_tag","embeddable":true,"href":"https:\/\/arca91.fr\/index.php\/wp-json\/wp\/v2\/tags?post=369"}],"curies":[{"name":"wp","href":"https:\/\/api.w.org\/{rel}","templated":true}]}}